{"id":3562,"date":"2016-07-01T17:03:16","date_gmt":"2016-07-01T15:03:16","guid":{"rendered":"http:\/\/www.absolutely-intercultural.com\/?p=3562"},"modified":"2016-11-20T15:31:57","modified_gmt":"2016-11-20T13:31:57","slug":"kaere-dansker-3-i-am-human","status":"publish","type":"post","link":"https:\/\/www.absolutely-intercultural.com\/?p=3562","title":{"rendered":"K\u00e6re dansker 3: I am human"},"content":{"rendered":"<audio class=\"wp-audio-shortcode\" id=\"audio-3562-1\" autoplay preload=\"auto\" style=\"width: 100%;\" controls=\"controls\"><source type=\"audio\/mpeg\" src=\"http:\/\/www.absolutely-intercultural.com\/podcast\/Amrfinal3.mp3?_=1\" \/><a href=\"http:\/\/www.absolutely-intercultural.com\/podcast\/Amrfinal3.mp3\">http:\/\/www.absolutely-intercultural.com\/podcast\/Amrfinal3.mp3<\/a><\/audio>\n<blockquote><p>I denne podcast har jeg snakket med Nizar fra Syrien p\u00e5 engelsk.<\/p><\/blockquote>\n<p><a href=\"http:\/\/www.absolutely-intercultural.com\/?attachment_id=3551\" rel=\"attachment wp-att-3551\"><img loading=\"lazy\" decoding=\"async\" class=\"alignleft size-medium wp-image-3551\" src=\"http:\/\/www.absolutely-intercultural.com\/wp-content\/uploads\/14302622_1170188693053517_96813259_n-300x114.jpg\" alt=\"14302622_1170188693053517_96813259_n\" width=\"300\" height=\"114\" srcset=\"https:\/\/www.absolutely-intercultural.com\/wp-content\/uploads\/14302622_1170188693053517_96813259_n-300x114.jpg 300w, https:\/\/www.absolutely-intercultural.com\/wp-content\/uploads\/14302622_1170188693053517_96813259_n-768x292.jpg 768w, https:\/\/www.absolutely-intercultural.com\/wp-content\/uploads\/14302622_1170188693053517_96813259_n-825x315.jpg 825w, https:\/\/www.absolutely-intercultural.com\/wp-content\/uploads\/14302622_1170188693053517_96813259_n.jpg 828w\" sizes=\"auto, (max-width: 300px) 85vw, 300px\" \/><\/a><strong>absolutely Danish<br \/>\n<\/strong>Here is the third and last edition of our one-off series of shows that are absolutely Danish exploring more about migrants and refugees in Denmark. This one is in English, by the way.<!--more--><\/p>\n<p><strong>I den sidste podcast i serien \u201dK\u00e6re dansker\u201d er det Mohammads bror, Nizar, jeg har snakket med. B\u00e5de Nizar og hans kone vil gerne arbejde og videreuddanne sig. Dette er dog sv\u00e6rt, da de hver is\u00e6r har problemer med deres helbred. Nizar fort\u00e6ller, at han aldrig har m\u00f8dt en dansker, han ikke syntes om. Til geng\u00e6ld er han frustreret med den behandling, de har f\u00e5et ved kommunen og fra Udl\u00e6ndingestyrelsen. Til trods for dette sl\u00e5r han fast, at han og familien ikke vil give op. Det er simpelthen ikke en mulighed.<\/strong><\/p>\n<p><em>In the final podcast of the \u201dDear Dane\u201d series I spoke to Muhammad\u2019s brother Nizar. Both Nizar and his wife want to work and (re)educate themselves. However, this is not an easy task as they both suffer from health issues. Although Nizar says that that he has never met a Dane he did not like, he has found dealings with county and national officials frustrating. Despite this, Nizar makes it clear that he and the rest of his family will not give up. It is simply not an option.<\/em><\/p>\n<p><em>By the way, although familiarity with the Danish system is helpful to understand what Nizar says, it&#8217;s not necessary.<\/em><\/p>\n<hr \/>\n<p>The aim behind this special series is to reach a Danish audience on the topic of refugees which is much discussed here in Denmark and elsewhere too but often lacking the voices of the refugees themselves.<\/p>\n<p>This the last <strong>Danish<\/strong> show\u00a0 which we will collate on a separate page now that the series is complete. So stay tuned<\/p>\n<p>The host of this show is: Gwen Fox<\/p>\n<p><img loading=\"lazy\" decoding=\"async\" src=\"http:\/\/www.absolutely-intercultural.com\/wp-content\/uploads\/poddownico.jpg\" alt=\"\" width=\"20\" height=\"20\" border=\"0\" \/> <a title=\"Download the show\" href=\"http:\/\/www.absolutely-intercultural.com\/podcast\/Amrfinal3.mp3\" target=\"_blank\">Download<\/a><\/p>\n<p><img loading=\"lazy\" decoding=\"async\" src=\"http:\/\/www.absolutely-intercultural.com\/wp-content\/uploads\/podfeedico.jpg\" alt=\"\" width=\"20\" height=\"20\" border=\"0\" \/> <a href=\"http:\/\/feeds.feedburner.com\/absolutely-intercultural\" target=\"_blank\">Podcast-Feed<\/a><\/p>\n<p><img loading=\"lazy\" decoding=\"async\" src=\"http:\/\/www.absolutely-intercultural.com\/wp-content\/uploads\/podaboico.jpg\" alt=\"\" width=\"20\" height=\"20\" border=\"0\" \/> <a href=\"http:\/\/phobos.apple.com\/WebObjects\/MZStore.woa\/wa\/viewPodcast?id=137617215&amp;s\" target=\"_blank\">iTunes-Abo<\/a><img decoding=\"async\" title=\"More...\" src=\"http:\/\/www.absolutely-intercultural.com\/wp-includes\/js\/tinymce\/plugins\/wordpress\/img\/trans.gif\" alt=\"\" \/><\/p>\n<p>Image\/Billedet: <a href=\"https:\/\/www.mino.dk\/dansksiden\" target=\"_blank\">https:\/\/www.mino.dk\/dansksiden<\/a><\/p>\n","protected":false},"excerpt":{"rendered":"<p>I denne podcast har jeg snakket med Nizar fra Syrien p\u00e5 engelsk. absolutely Danish Here is the third and last edition of our one-off series of shows that are absolutely Danish exploring more about migrants and refugees in Denmark. This one is in English, by the way.<\/p>\n","protected":false},"author":1,"featured_media":0,"comment_status":"open","ping_status":"open","sticky":false,"template":"","format":"standard","meta":{"footnotes":""},"categories":[3],"tags":[1069,84,1057,987,1004,311],"class_list":["post-3562","post","type-post","status-publish","format-standard","hentry","category-podcast","tag-danish","tag-denmark","tag-gwen-fox","tag-palestine","tag-refugees","tag-syria"],"_links":{"self":[{"href":"https:\/\/www.absolutely-intercultural.com\/index.php?rest_route=\/wp\/v2\/posts\/3562","targetHints":{"allow":["GET"]}}],"collection":[{"href":"https:\/\/www.absolutely-intercultural.com\/index.php?rest_route=\/wp\/v2\/posts"}],"about":[{"href":"https:\/\/www.absolutely-intercultural.com\/index.php?rest_route=\/wp\/v2\/types\/post"}],"author":[{"embeddable":true,"href":"https:\/\/www.absolutely-intercultural.com\/index.php?rest_route=\/wp\/v2\/users\/1"}],"replies":[{"embeddable":true,"href":"https:\/\/www.absolutely-intercultural.com\/index.php?rest_route=%2Fwp%2Fv2%2Fcomments&post=3562"}],"version-history":[{"count":7,"href":"https:\/\/www.absolutely-intercultural.com\/index.php?rest_route=\/wp\/v2\/posts\/3562\/revisions"}],"predecessor-version":[{"id":3569,"href":"https:\/\/www.absolutely-intercultural.com\/index.php?rest_route=\/wp\/v2\/posts\/3562\/revisions\/3569"}],"wp:attachment":[{"href":"https:\/\/www.absolutely-intercultural.com\/index.php?rest_route=%2Fwp%2Fv2%2Fmedia&parent=3562"}],"wp:term":[{"taxonomy":"category","embeddable":true,"href":"https:\/\/www.absolutely-intercultural.com\/index.php?rest_route=%2Fwp%2Fv2%2Fcategories&post=3562"},{"taxonomy":"post_tag","embeddable":true,"href":"https:\/\/www.absolutely-intercultural.com\/index.php?rest_route=%2Fwp%2Fv2%2Ftags&post=3562"}],"curies":[{"name":"wp","href":"https:\/\/api.w.org\/{rel}","templated":true}]}}